{"id":180,"date":"2021-12-09T17:54:43","date_gmt":"2021-12-09T16:54:43","guid":{"rendered":"http:\/\/muzikologijaff.si\/gmgm\/?p=180"},"modified":"2021-12-09T17:54:43","modified_gmt":"2021-12-09T16:54:43","slug":"individualna-porocila-o-dinamiki-dela-za-prvo-leto","status":"publish","type":"post","link":"http:\/\/muzikologijaff.si\/gmgm\/individualna-porocila-o-dinamiki-dela-za-prvo-leto\/","title":{"rendered":"Individualni na\u010drti dela za prvo leto"},"content":{"rendered":"<div id=\"pl-180\"  class=\"panel-layout\" ><div id=\"pg-180-0\"  class=\"panel-grid panel-no-style\" ><div id=\"pgc-180-0-0\"  class=\"panel-grid-cell\" ><div id=\"panel-180-0-0-0\" class=\"so-panel widget widget_sow-editor panel-first-child panel-last-child\" data-index=\"0\" ><div\n\t\t\t\n\t\t\tclass=\"so-widget-sow-editor so-widget-sow-editor-base\"\n\t\t\t\n\t\t>\n<div class=\"siteorigin-widget-tinymce textwidget\">\n\t<div id=\"ez-toc-container\" class=\"ez-toc-v2_0_82_1 counter-hierarchy ez-toc-counter ez-toc-grey ez-toc-container-direction\">\n<div class=\"ez-toc-title-container\">\n<p class=\"ez-toc-title\" style=\"cursor:inherit\">Table of Contents<\/p>\n<span class=\"ez-toc-title-toggle\"><a href=\"#\" class=\"ez-toc-pull-right ez-toc-btn ez-toc-btn-xs ez-toc-btn-default ez-toc-toggle\" aria-label=\"Toggle Table of Content\"><span class=\"ez-toc-js-icon-con\"><span class=\"\"><span class=\"eztoc-hide\" style=\"display:none;\">Toggle<\/span><span class=\"ez-toc-icon-toggle-span\"><svg style=\"fill: #999;color:#999\" xmlns=\"http:\/\/www.w3.org\/2000\/svg\" class=\"list-377408\" width=\"20px\" height=\"20px\" viewBox=\"0 0 24 24\" fill=\"none\"><path d=\"M6 6H4v2h2V6zm14 0H8v2h12V6zM4 11h2v2H4v-2zm16 0H8v2h12v-2zM4 16h2v2H4v-2zm16 0H8v2h12v-2z\" fill=\"currentColor\"><\/path><\/svg><svg style=\"fill: #999;color:#999\" class=\"arrow-unsorted-368013\" xmlns=\"http:\/\/www.w3.org\/2000\/svg\" width=\"10px\" height=\"10px\" viewBox=\"0 0 24 24\" version=\"1.2\" baseProfile=\"tiny\"><path d=\"M18.2 9.3l-6.2-6.3-6.2 6.3c-.2.2-.3.4-.3.7s.1.5.3.7c.2.2.4.3.7.3h11c.3 0 .5-.1.7-.3.2-.2.3-.5.3-.7s-.1-.5-.3-.7zM5.8 14.7l6.2 6.3 6.2-6.3c.2-.2.3-.5.3-.7s-.1-.5-.3-.7c-.2-.2-.4-.3-.7-.3h-11c-.3 0-.5.1-.7.3-.2.2-.3.5-.3.7s.1.5.3.7z\"\/><\/svg><\/span><\/span><\/span><\/a><\/span><\/div>\n<nav><ul class='ez-toc-list ez-toc-list-level-1 ' ><li class='ez-toc-page-1 ez-toc-heading-level-2'><a class=\"ez-toc-link ez-toc-heading-1\" href=\"http:\/\/muzikologijaff.si\/gmgm\/individualna-porocila-o-dinamiki-dela-za-prvo-leto\/#Barbo_Matjaz_Glasbena_mladina_kot_tvorec_in_odraz_estetike_mladih\" >Barbo, Matja\u017e: Glasbena mladina kot tvorec in odraz estetike mladih<\/a><\/li><li class='ez-toc-page-1 ez-toc-heading-level-2'><a class=\"ez-toc-link ez-toc-heading-2\" href=\"http:\/\/muzikologijaff.si\/gmgm\/individualna-porocila-o-dinamiki-dela-za-prvo-leto\/#Bohak_Adam_Tina_Poletni_glasbeni_tabori_Zveze_Glasbene_mladine_Slovenije\" >Bohak Adam, Tina: \u00a0Poletni glasbeni tabori Zveze Glasbene mladine Slovenije<\/a><\/li><li class='ez-toc-page-1 ez-toc-heading-level-2'><a class=\"ez-toc-link ez-toc-heading-3\" href=\"http:\/\/muzikologijaff.si\/gmgm\/individualna-porocila-o-dinamiki-dela-za-prvo-leto\/#Hofman_Ana_Glasbeni_amaterizem_in_mladi_v_poznem_jugoslovanskem_socializmu\" >Hofman, Ana: Glasbeni amaterizem in mladi v poznem jugoslovanskem socializmu<\/a><\/li><li class='ez-toc-page-1 ez-toc-heading-level-2'><a class=\"ez-toc-link ez-toc-heading-4\" href=\"http:\/\/muzikologijaff.si\/gmgm\/individualna-porocila-o-dinamiki-dela-za-prvo-leto\/#Koter_Darja_Glasbeno_solstvo_na_Slovenskem_%E2%80%93_poti_razvoja_in_pogled_v_prihodnost\" >Koter, Darja: Glasbeno \u0161olstvo na Slovenskem \u2013 poti razvoja in pogled v prihodnost<\/a><\/li><li class='ez-toc-page-1 ez-toc-heading-level-2'><a class=\"ez-toc-link ez-toc-heading-5\" href=\"http:\/\/muzikologijaff.si\/gmgm\/individualna-porocila-o-dinamiki-dela-za-prvo-leto\/#Kovacic_Mojca_Koncert_ki_pride_k_vam_raziskave_delovanja_preporodnih_glasbenih_skupin_in_posameznikov_v_okvirih_glasbenega_izobrazevanja_mladih\" >Kova\u010di\u010d, Mojca: Koncert, ki pride k vam: raziskave delovanja preporodnih glasbenih skupin in posameznikov v okvirih glasbenega izobra\u017eevanja mladih<\/a><\/li><li class='ez-toc-page-1 ez-toc-heading-level-2'><a class=\"ez-toc-link ez-toc-heading-6\" href=\"http:\/\/muzikologijaff.si\/gmgm\/individualna-porocila-o-dinamiki-dela-za-prvo-leto\/#Kunej_Drago_Instrumentalne_ljudskoglasbene_prakse_mladih_in_za_mlade\" >Kunej, Drago: In\u0161trumentalne ljudskoglasbene prakse mladih in za mlade<\/a><\/li><li class='ez-toc-page-1 ez-toc-heading-level-2'><a class=\"ez-toc-link ez-toc-heading-7\" href=\"http:\/\/muzikologijaff.si\/gmgm\/individualna-porocila-o-dinamiki-dela-za-prvo-leto\/#Kunej_Rebeka_Otroske_folklorne_skupine\" >Kunej, Rebeka: Otro\u0161ke folklorne skupine<\/a><\/li><li class='ez-toc-page-1 ez-toc-heading-level-2'><a class=\"ez-toc-link ez-toc-heading-8\" href=\"http:\/\/muzikologijaff.si\/gmgm\/individualna-porocila-o-dinamiki-dela-za-prvo-leto\/#Nagode_Ales_Glasba_mladih_v_Katoliski_cerkvi_na_Slovenskem_v_drugi_pol_20_st_na_druzbenem_in_estetskem_obrobju\" >Nagode, Ale\u0161: Glasba mladih v Katoli\u0161ki cerkvi na Slovenskem v drugi pol. 20. st.: na dru\u017ebenem in estetskem obrobju<\/a><\/li><li class='ez-toc-page-1 ez-toc-heading-level-2'><a class=\"ez-toc-link ez-toc-heading-9\" href=\"http:\/\/muzikologijaff.si\/gmgm\/individualna-porocila-o-dinamiki-dela-za-prvo-leto\/#Pompe_Gregor_Notne_izdaje_otroske_in_mladinske_glasbe_in_sodobna_glasba_%C2%BBza_mlade%C2%AB\" >Pompe, Gregor: Notne izdaje otro\u0161ke in mladinske glasbe in sodobna glasba \u00bbza mlade\u00ab<\/a><\/li><li class='ez-toc-page-1 ez-toc-heading-level-2'><a class=\"ez-toc-link ez-toc-heading-10\" href=\"http:\/\/muzikologijaff.si\/gmgm\/individualna-porocila-o-dinamiki-dela-za-prvo-leto\/#Mursic_Rajko_Glasba_mladih_po_1945\" >Mur\u0161i\u010d, Rajko: Glasba mladih po 1945<\/a><\/li><li class='ez-toc-page-1 ez-toc-heading-level-2'><a class=\"ez-toc-link ez-toc-heading-11\" href=\"http:\/\/muzikologijaff.si\/gmgm\/individualna-porocila-o-dinamiki-dela-za-prvo-leto\/#Prpic_Marko_Arhiv_RTV_Slovenija_in_Glasbena_mladina\" >Prpi\u010d, Marko: Arhiv RTV Slovenija in Glasbena mladina<\/a><\/li><li class='ez-toc-page-1 ez-toc-heading-level-2'><a class=\"ez-toc-link ez-toc-heading-12\" href=\"http:\/\/muzikologijaff.si\/gmgm\/individualna-porocila-o-dinamiki-dela-za-prvo-leto\/#Ribizel_Popic_Tjasa_Programska_politika_Glasbene_mladine\" >Ribizel Popi\u010d, Tja\u0161a: Programska politika Glasbene mladine<\/a><\/li><li class='ez-toc-page-1 ez-toc-heading-level-2'><a class=\"ez-toc-link ez-toc-heading-13\" href=\"http:\/\/muzikologijaff.si\/gmgm\/individualna-porocila-o-dinamiki-dela-za-prvo-leto\/#Rotar_Pance_Branka_Pomen_revije_Glasbena_mladina_za_razvoj_slovenske_glasbene_pedagogike\" >Rotar Pance, Branka: Pomen revije Glasbena mladina za razvoj slovenske glasbene pedagogike<\/a><\/li><li class='ez-toc-page-1 ez-toc-heading-level-2'><a class=\"ez-toc-link ez-toc-heading-14\" href=\"http:\/\/muzikologijaff.si\/gmgm\/individualna-porocila-o-dinamiki-dela-za-prvo-leto\/#Stefanija_Leon_Glasba_mladih_in_glasbena_mladina\" >Stefanija, Leon: Glasba mladih in glasbena mladina<\/a><\/li><li class='ez-toc-page-1 ez-toc-heading-level-2'><a class=\"ez-toc-link ez-toc-heading-15\" href=\"http:\/\/muzikologijaff.si\/gmgm\/individualna-porocila-o-dinamiki-dela-za-prvo-leto\/#Sukljan_Nejc_Mladi_v_slovenskih_godbah_po_letu_1945\" >Sukljan, Nejc: Mladi v slovenskih godbah po letu 1945<\/a><\/li><li class='ez-toc-page-1 ez-toc-heading-level-2'><a class=\"ez-toc-link ez-toc-heading-16\" href=\"http:\/\/muzikologijaff.si\/gmgm\/individualna-porocila-o-dinamiki-dela-za-prvo-leto\/#Sivic_Ursa_Popularna_glasba_mladih_po_drugi_svetovni_vojni\" >\u0160ivic, Ur\u0161a: Popularna glasba mladih po drugi svetovni vojni<\/a><\/li><li class='ez-toc-page-1 ez-toc-heading-level-2'><a class=\"ez-toc-link ez-toc-heading-17\" href=\"http:\/\/muzikologijaff.si\/gmgm\/individualna-porocila-o-dinamiki-dela-za-prvo-leto\/#Udovic_Bostjan_Oblast_kulturna_politika_in_Glasbena_mladina_Slovenija_1945%E2%80%931991\" >Udovi\u010d, Bo\u0161tjan: Oblast, kulturna politika in Glasbena mladina Slovenija 1945\u20131991<\/a><\/li><li class='ez-toc-page-1 ez-toc-heading-level-2'><a class=\"ez-toc-link ez-toc-heading-18\" href=\"http:\/\/muzikologijaff.si\/gmgm\/individualna-porocila-o-dinamiki-dela-za-prvo-leto\/#Zadnik_Katarina_Ucna_gradiva_na_podrocju_glasbene_teorije_med_1945_do_1991\" >Zadnik, Katarina : U\u010dna gradiva na podro\u010dju glasbene teorije med 1945 do 1991<\/a><\/li><\/ul><\/nav><\/div>\n<h2><span class=\"ez-toc-section\" id=\"Barbo_Matjaz_Glasbena_mladina_kot_tvorec_in_odraz_estetike_mladih\"><\/span>Barbo, Matja\u017e: Glasbena mladina kot tvorec in odraz estetike mladih<span class=\"ez-toc-section-end\"><\/span><\/h2>\n<p>Prispevek se bo osredoto\u010dal na vpra\u0161anja vpetosti glasbene mladine v oblikovanje glasbenoestetskih kategorij, vzpostavljanje osrednjih norm in oblikovanje okusa mladih. V prvi fazi dela se bo osredoto\u010dil na analizo dostopnih primarnih virov, zlasti programov zveze in posameznih organizacij Glasbene mladine ter revije Glasbene mladine. V tem kontekstu bo iskal sledove vzpostavljanja ter definiranja osrednjih estetskih kategorij, oblikovanja koncertnih programov, osredoto\u010danja tako na klasi\u010dne kot bolj zapostavljene \u017eanre in stile, staro in novo glasbo, tujo in doma\u010do ustvarjalnost, \u0161iroko popularnost in rezervirano zamejenost. V virih se bo oziral za kriti\u0161kim poro\u010danjem in analizo tako estetsko poglobljenega in anga\u017eiranega pisanja kot poro\u010devalskega zabele\u017eevanja. Pri tem bo ta analiza predvidoma izpostavila kategorije, ki so v desetletjih sistemati\u010dnega dela oblikovale tudi osnovne konture normativnega okvira za poglobitve in\/ali spremembe estetskega okusa, s tem pa bo raziskava predvidoma odprla mo\u017enost potrditve teze o glasbeni mladini kot pomembnem dejavniku pri oblikovanju glasbenoestetskega vrednostnega sistema mladih v preu\u010devanem obdobju.<\/p>\n<h2><span class=\"ez-toc-section\" id=\"Bohak_Adam_Tina_Poletni_glasbeni_tabori_Zveze_Glasbene_mladine_Slovenije\"><\/span>Bohak Adam, Tina: \u00a0Poletni glasbeni tabori Zveze Glasbene mladine Slovenije<span class=\"ez-toc-section-end\"><\/span><\/h2>\n<p>V prvem letu projekta je osrednji cilj predstaviti vzvode za organizacijo prvega poletnega glasbenega tabora Zveze Glasbene mladine Slovenije leta 1976 in prva leta po tem, osnovne cilje ter mentorje. Temeljno gradivo, na podlagi katerega bo opravljena raziskava, predstavlja Arhiv Zveze Glasbene Mladine Slovenije ter \u017ee objavljena literatura.<\/p>\n<p>V naslednjih dveh letih se bomo posvetiti gradivu, dostopnem v arhivu Zveze Glasbene Mladine Slovenije, ki obsega organizacijo nadaljnjih poletnih glasbenih taborov. Zasledovali bomo pot, kako je dogodek pridobival na veljavi, tudi v mednarodnem prostoru, kako se je mre\u017ea ponujenih dejavnosti znotraj dogodka \u0161irila ter kak\u0161en vpliv so imeli poletni glasbeni taboti Zveze Glasbene mladine Slovenije na kasnej\u0161e formalno izobra\u017eevanje mladih.<\/p>\n<p>&nbsp;<\/p>\n<h2><span class=\"ez-toc-section\" id=\"Hofman_Ana_Glasbeni_amaterizem_in_mladi_v_poznem_jugoslovanskem_socializmu\"><\/span>Hofman, Ana: Glasbeni amaterizem in mladi v poznem jugoslovanskem socializmu<span class=\"ez-toc-section-end\"><\/span><\/h2>\n<p>Problemsko se bom osredoto\u010dila na vpra\u0161anje amaterizma in glasbe mladih. Amaterizem oz. ljubiteljska kultura je slu\u017eila kot zasnova za ustvarjanje novega modela kulturne dejavnosti v socialisti\u010dni Jugoslaviji. Jugoslovanska ljubiteljska kultura je tesno povezana s kolektivnim, s samoupravljanjem, z izku\u0161njami organizacije in skupnega pre\u017eivljanja \u010dasa, tako je pravzaprav \u00bbprilagoditev individualnega interesa socialnemu\u00ab (Majstorovi\u0107 1972, 28). Dejavnosti ljubiteljske kulture niso bile razumljene zgolj kot izbolj\u0161anje posameznikovih umetni\u0161kih sposobnosti, temve\u010d tudi kot sredstvo za pove\u010danje zmo\u017enosti posameznikov kot dru\u017ebenih akterjev, dejavnih pri soodlo\u010danju, solidarnosti in tovari\u0161tvu (Hofman 2011).<\/p>\n<p>Moje raziskovalno delo se osredoto\u010da na kriti\u010dno branje dostopnih virov (arhiv Glasbene mladine\/Muzi\u010dke omladine), ki odra\u017eajo kulturno politiko, uradni diskurz in iz tega izhajajo\u010de prakse, da bi pojasnili njihov vpliv na amatersko dejavnost posameznikov (glasbenikov, uradnikov in organizatorjev), ki so od sedemdesetih let dalje delovali na podro\u010dju popularne glasbe. Raziskava nam bo odprla pogled na kompleksno razmerje med razumevanjem amaterizma in kulturnimi in dru\u017ebenimi okvirji in pojmovanjem lastnih vlog ustvarjalcev, ki so sodelovali v tak\u0161nih dejavnostih. Poseben poudarek bo na vpra\u0161anju glasbene infrastrukturi.<\/p>\n<p>Literatura:<\/p>\n<p>Doplgenger. 2017. \u201cAmateri Za Film.\u201d In <em>Amateri Za Film: Radna Sveska Za Amaterski Pristup i Pokretne Slike<\/em>. Beograd: Transimage.<\/p>\n<p>Duda, Igor. 2004. <em>U Potrazi Za Blagostanjem: O Povijesti Dokolice i Potro\u0161a\u010dkog Dru\u0161tva u Hrvatskoj 1950-ih i 1960-ih<\/em>. Zagreb: Srednja Europa.<\/p>\n<p>Hofman, Ana. 2011. <em>Staging Socialist Femininity: Gender Politics and Folklore Performance in Serbia<\/em>. Leiden; Boston: Brill.<\/p>\n<p>Milohni\u0107, Aldo. 2013. \u201cRadical Amateurism.\u201d In <em>A Lexicon of Non-Aligned Poetics<\/em>. Belgrade: Walking Theory - TkH.<\/p>\n<p>Neime, Re\u010d. 2017. \u201c10,5 Teza o Amaterima.\u201d In <em>Amateri Za Film: Radna Sveska Za Amaterski Pristup i Pokretne Slike<\/em>. Beograd: Transimage.<\/p>\n<p>&nbsp;<\/p>\n<h2><span class=\"ez-toc-section\" id=\"Koter_Darja_Glasbeno_solstvo_na_Slovenskem_%E2%80%93_poti_razvoja_in_pogled_v_prihodnost\"><\/span>Koter, Darja: Glasbeno \u0161olstvo na Slovenskem \u2013 poti razvoja in pogled v prihodnost<span class=\"ez-toc-section-end\"><\/span><\/h2>\n<h2><span class=\"ez-toc-section\" id=\"Kovacic_Mojca_Koncert_ki_pride_k_vam_raziskave_delovanja_preporodnih_glasbenih_skupin_in_posameznikov_v_okvirih_glasbenega_izobrazevanja_mladih\"><\/span>Kova\u010di\u010d, Mojca: Koncert, ki pride k vam: raziskave delovanja preporodnih glasbenih skupin in posameznikov v okvirih glasbenega izobra\u017eevanja mladih<span class=\"ez-toc-section-end\"><\/span><\/h2>\n<p>Raziskava se bo v enem delu posve\u010dala histori\u010dnemu in primerjalnemu pregledu glasbene 'ponudbe', ki so jo pripravljali razli\u010dni poustvarjalci ljudske glasbe za mlade (kot na primer koncerte in delavnice v \u0161olah ali izven, Koncert, ki pride k vam) pred in po letu 1991. Metodolo\u0161ko se bo osredoto\u010dila na intervjuje z izvajalci programov za mlade. Intervjuji bodo razkrivali vlogo, prostore, dru\u017ebena in politi\u010dna ozadja za njihova delovanja, vklju\u010devali pa bodo tudi perspektivo primarne in sekundarne socializacije za glasbeno in pedago\u0161ko delovanje samih glasbenih izvajalcev. Raziskovalno gradivo bo dopolnjeno z analizo arhiva Glasbene mladine Slovenija in Glasbena mladina Ljubljana, ki sta najve\u010dja ponudnika tovrstnih storitev med mladimi. Pri tem se bo analiza osredoto\u010dila na parametre kot so frekvenca vklju\u010denosti po letih, profili izvajalcev (po npr. starostni, spolni strukturi), vsebine ponudbe in repertoar.<br \/>\nLiteratura:<br \/>\nBaumann, Max Peter. 1991. Traditional Music in the Focus of Cultural Policy. Max Peter Baumann (ed.), Music in the Dialogue of Cultures: Traditional Music and Cultural Policy. Wilhelmshaven: Florian Noetzel Verlag: 22\u201331.<br \/>\nBaumann, Max Peter. 2000. The Local and the Global: Traditional Music Instruments and Modernization. The World of Music \u2013 Journal of the International Institute for Traditional Music 42(3): 121\u2013144.<br \/>\nJuvan\u010di\u010d, Katarina. 2002. Kje so tiste stezice? Poskusi revitalizacije tradicionalnih godb v Veliki Britaniji in Sloveniji od 19. do 21. stoletja (Where are These Little Paths? Attempts to Revitalize Traditional Music in Great Britain and Slovenia from the 19th to 21st Centuries). Unpublished thesis. Ljubljana: Department of Ethnology and Cultural Anthropology, Faculty of Arts, University of Ljubljana.<br \/>\nJuvan\u010di\u010d, Katarina. 2004. O (ne)mo\u010di izvirnega: Resonance avtenti\u010dnosti v poustvarjanju slovenskega ljudskoglasbenega izro\u010dila (On the (Im)Potence of the Original: The Resonance of Authenticity in the Performance of Slovenian Folk Music Heritage). Glasnik SED 44(2): 14\u201322.<br \/>\nJuvan\u010di\u010d K. The Popularization of Slovenian Folk Music between the Local and Global: Redemption or Downfall of National Heritage. Traditiones [Internet]. 2005Oct.14 [cited 2021Dec.13];34(1):209-1. Available from: https:\/\/ojs.zrc-sazu.si\/traditiones\/article\/view\/1212<br \/>\nRonstr\u00f6m, Owe. 2001. Concerts and Festivals: Public Performance of Folk Music in Sweden. The World of Music \u2013 Journal of the International Institute for Traditional Music 43(2\u20133): 49\u201364.<br \/>\n\u0160ivic, Ur\u0161a. (2007). Folk Music Between Popular Culture and Institutional Framing. Slovene Studies Journal 29.<\/p>\n<p>&nbsp;<\/p>\n<h2><span class=\"ez-toc-section\" id=\"Kunej_Drago_Instrumentalne_ljudskoglasbene_prakse_mladih_in_za_mlade\"><\/span>Kunej, Drago: In\u0161trumentalne ljudskoglasbene prakse mladih in za mlade<span class=\"ez-toc-section-end\"><\/span><\/h2>\n<p>Raziskava bo usmerjena na in\u0161trumentalne ljudskoglasbene prakse, namenjene mladim, ki so povezane z aktivnostim preporodnih (folk revival) skupin in delovanjem otro\u0161kih folklornih skupin na Slovenskem. Predstavljanje in\u0161trumentalne glasbenoplesne dedi\u0161\u010dine mladim je bilo namre\u010d pogosto povezano s pojavom otro\u0161kih folklornih skupin, ki je bilo mo\u010dno vpeto v \u0161olsko okolje socialisti\u010dnega obdobja. Po drugi strani pa so preporodne skupine s \u0161tevilnimi koncerti in drugimi javnimi nastopi, predvsem pa s posebnimi animacijskimi programi in izobra\u017eevalnimi delavnicami, pogosto predstavljale ljudskoglasbene prakse mladim; ve\u010dkrat so bila njihova izvajanja v \u017eivo ali v obliki posnetkov tudi del u\u010dnega programa v \u0161olah. Raziskava \u017eeli skozi zgodovinsko perspektivo osvetliti in\u0161trumentalne ljudskoglasbene prakse v otro\u0161kih folklornih skupinah in preu\u010diti aktivnosti preporodnih skupin v povezavi z delovanjem in izvajanjem za mlade. Raziskovalni proces bo vklju\u010deval komparativno-histori\u010dni analiti\u010dni \u0161tudij, eksperimentalno in terensko etnografsko delo (ankete in polstrukturirane intervjuje z izvajalci preporodne glasbe, vodji in \u010dlani folklornih skupin) ter poleg analize arhivskega gradiva Glasbene mladine in otro\u0161kih folklornih skupin tudi (avto)biografsko metodo raziskovanja.<br \/>\nViri in literatura:<br \/>\nBrocken, M. 2003. The British Folk Revival, 1944\u20132002. Aldershot: Ashgate.<br \/>\nFolklorist, glasilo odbora za folklorno dejavnost pri predsedstvu Zveze kulturnih organizacij Slovenije<br \/>\nFolklornik, revija Javnega sklada Republike Slovenije za kulturne dejavnosti<br \/>\nGlasbena mladina, revija Zveze Glasbene mladine Slovenije<br \/>\nInformator folklornih skupin, glasilo odbora za folklorno dejavnost pri Zvezi kulturno prosvetnih organizacij Slovenije<br \/>\nJuvan\u010di\u010d, K. 2002. Kje so tiste stezice? Poskusi revitalizacije tradicionalnih godb v Veliki Britaniji in Sloveniji od 19. do 21. stoletja. Unpublished thesis. Ljubljana: Department of Ethnology and Cultural Anthropology, Faculty of Arts, University of Ljubljana.<br \/>\nJuvan\u010di\u010d, K. 2004. O (ne)mo\u010di izvirnega: Resonance avtenti\u010dnosti v poustvarjanju slovenskega ljudskoglasbenega izro\u010dila. Glasnik SED 44(2): 14\u201322.<br \/>\nKreslin, V. 2006. Venci: povest o Beltin\u0161ki bandi. Ljubljana: Kreslin.<br \/>\nKunej, D. 2020. Presentations and transformations of traditional music practices as reflected in sound recordings. V: Sonja Zdravkova Djeparoska (ur.) Tradition and transition: a selection of articles developed from paper presentations at the first and the second symposia of the ICTM Study Group on Music and Dance of the Slavic World. Skopje, North Macedonia: ICTM NC Maredonia, 2020, 29-50.<br \/>\nKunej, D. in Kunej, R. 2019. Dancing for Ethnic Roots: Folk Dance Ensembles of Ethnic Minority Groups in Slovenia. Muzikolo\u0161ki zbornik 55 (2): 111\u2013131.<br \/>\nMorgenstern, U. 2017. Imagining Social Space and History in European Folk Music Revivals and Volksmusikpflege. The Politics of Instrumentation. V: Ardian Ahmedaja (ur.) European Voices III. The Instrumentation and Instrumentalization of Sound. Local Multipart Music Cultures and Politics in Europe. Vienna: B\u00f6hlau, 263\u2013292.<\/p>\n<h2><span class=\"ez-toc-section\" id=\"Kunej_Rebeka_Otroske_folklorne_skupine\"><\/span>Kunej, Rebeka: Otro\u0161ke folklorne skupine<span class=\"ez-toc-section-end\"><\/span><\/h2>\n<p>V raziskavi se bom osredoto\u010dila na vpra\u0161anje delovanja otro\u0161kih folklornih skupin, zanimale me bodo okoli\u0161\u010dine nastanka in zgodovinski pregled delovanja otro\u0161kih folklornih skupin v urbanih centrih in na pode\u017eelju, vplivu posameznikov (predvsem u\u010diteljic) pri razvijanju in utrjevanju te dejavnosti, v kateri se zdru\u017eujeta predstavitev plesne in glasbene dedi\u0161\u010dine za potrebe odrskih prezentacij. So otro\u0161ke folklorne skupine (bile) namenjene principu \u00bbmladi-mladim\u00ab ali \u00bbmladi-starim\u00ab? Moje raziskovalno delo bo vklju\u010devalo analizo diskurza o problematiki otro\u0161kih folklornih skupin v strokovnem \u010dasopisju (<em>Glasnik Slovenskega etnolo\u0161kega dru\u0161tva<\/em>, <em>Folklorist<\/em>, <em>Folklornik<\/em>), ki ga bodo dopolnjevali (avto)biografska metoda ter polstrukturirani intervjuji z udele\u017eenci te glasbeno-plesne dejavnosti.<\/p>\n<h2><span class=\"ez-toc-section\" id=\"Nagode_Ales_Glasba_mladih_v_Katoliski_cerkvi_na_Slovenskem_v_drugi_pol_20_st_na_druzbenem_in_estetskem_obrobju\"><\/span>Nagode, Ale\u0161: Glasba mladih v Katoli\u0161ki cerkvi na Slovenskem v drugi pol. 20. st.: na dru\u017ebenem in estetskem obrobju<span class=\"ez-toc-section-end\"><\/span><\/h2>\n<div><br aria-hidden=\"true\" \/>V prvem letu projekta bo potekala identifikacija tistega dela slovenske glasbene ustvarjalnosti, ki bi ga lahko po estetskih in izvajalsko-tehni\u010dnih kriterijih opredelili kot sakralno glasbo \u201cza mlade\u201d. Izveden bo popis izvajanih del, pri \u010demer bo potrebno zajeti tudi rokopisno in nikoli publicirano gradivo, ki kro\u017ei med izvajalskimi skupinami. Zbrani bodo tudi morebitni publicisti\u010dni in drugi muzikolo\u0161ki strokovni odzivi na dela te zvrsti.<br aria-hidden=\"true\" \/><br aria-hidden=\"true\" \/>V drugem in tretjem letu bo izvr\u0161ena analiza zbranega gradiva. Posku\u0161ali bomo dolo\u010diti obseg in opraviti prvi analiti\u010dni pogled na izvajani repertoar slovenske sakralne glasbe, pri \u010demer bomo pozorni na\u00a0stilisti\u010dne in zvrstne razlike, kot tudi na kompozicijsko dospelost posameznih del oz. avtorskih opusov.<\/div>\n<h2><span class=\"ez-toc-section\" id=\"Pompe_Gregor_Notne_izdaje_otroske_in_mladinske_glasbe_in_sodobna_glasba_%C2%BBza_mlade%C2%AB\"><\/span>Pompe, Gregor: <em>Notne izdaje otro\u0161ke in mladinske glasbe in sodobna glasba <\/em><em>\u00bb<\/em><em>za mlade<\/em><em>\u00ab<\/em><span class=\"ez-toc-section-end\"><\/span><\/h2>\n<p>V prvi fazi gre najprej zbrati vse notno gradivo, ki je bilo na Slovenskem izdano po drugi svetovni vojni in namenjeno otrokom in mladim. V ta namen bo potrebno pregledati kataloge Dru\u0161tva slovenskih skladateljev (https:\/\/www.dss.si\/edicije\/?action=search&amp;mod=user&amp;lang=si) ter drugih zalo\u017eb, ki so bile do preloma iz 20. v 21. stoletju \u0161e dejavne v glasbenem zalo\u017eni\u0161tvu (Dr\u017eavna zalo\u017eba Slovenije, Mladinska knjiga, Zalo\u017eba Obzorje) ter nekaterih, ki so se \u00bbrodile\u00ab v 21. stoletju in delujejo v prete\u017eni meri na spletni platformi (Zalo\u017eba Astrum, Zavod za \u0161olstvo Republike Slovenije).<\/p>\n<p>Iz tak\u0161nih pregledov bo v nadaljevanju mogo\u010de izdelati tipologijo, ki bo zasnovano na podlagi kontrastnega razmerja med prete\u017eno \u00bbpedago\u0161ko\u00ab zasnovo ali prete\u017eno \u00bbestetskimi\u00ab intencami, torej med strogo funkcionalno in avtonomno glasbo, pri \u010demer je pri\u010dakovati, da bo najve\u010dje dele\u017e del zapolnjeval vmesna polja med obema skrajnostma. Drugi tipolo\u0161ki pol pa bo potekal med \u00bbtradicionalnim\u00ab in \u00bbsodobnim\u00ab \u2013 spra\u0161evati se bo potrebno, v koliko meri so tisti skladatelji 20. stoletja, ki so se v svojih delih zavezali modernisti\u010dni estetiki 20. stoletja, v delih za otroke\/mladino tak\u0161no estetsko doktirno prilagodili\/razostrili\/zmeh\u010dali, pri \u010demer je ponovno pri\u010dakovati bogato paleto vmesnih barv.<\/p>\n<h2><span class=\"ez-toc-section\" id=\"Mursic_Rajko_Glasba_mladih_po_1945\"><\/span>Mur\u0161i\u010d, Rajko: Glasba mladih po 1945<span class=\"ez-toc-section-end\"><\/span><\/h2>\n<p>V prvem obdobju raziskovalnega dela bom pregledal del arhivov Glasbene mladine. Predvsem me bo zanimal tisti del, ki zadeva delovanje enot GM po (srednjih) \u0161olah.<\/p>\n<p>Preverill bom tudi dostopnost gradiv v arhivu Radia Slovenija, ki zadeva posebne programe za mlade (tukaj je ponudil pomo\u010d Marko Prpi\u010d).<\/p>\n<p>Moje raziskovalno delo bo usmerjeno v celovito obravnavo iskanja virov za zgodovino popularne glasbe na Slovenskem, predvsem v povojnem obdobju.<\/p>\n<p>Pregledal bom tudi publikacije Glasbene mladine in v uredni\u0161kem delu in zasnovah revije iskal sledi prehajanja od pisanja zgolj ali prete\u017eno o umetni glasbi k pisanju o popularni glasbi.<\/p>\n<p>Pri pregledovanju arhivskih gradiv bom v drugi fazi projekta pregledal tudi gradiva, ki zadevajo glasbo za mlade v povojnem obdobju.<\/p>\n<p>V ospredju mojega zanimanja bodo, skratka, neformalna glasbena dejavnost mladih in prostori izvajanja te spontane glasbene dejavnosti. Zanimala me bo tudi emancipacija popularne glasbe v predvojnem in povojnem \u010dasu.<\/p>\n<p>V tem smislu bom upo\u0161teval predvsem pomen in vpliv ter razvoj radijskega medija (Radio Ljubljana, regionalni programi in Radio \u0160tudent). Pomemben bo tudi poudarek s filmom, pozneje pa video, satelitskim sprejemom in na koncu internetom (to bo morda nadaljevanje projekta).<\/p>\n<p>Temeljni koncepti mojega raziskovalnega dela: popularna glasba; mladi in glasba; glasbena prizori\u0161\u010da; ples in plesne prireditve; glasbeno zalo\u017eni\u0161tvo; nosilci zvoka; radio; mediji<\/p>\n<h2><span class=\"ez-toc-section\" id=\"Prpic_Marko_Arhiv_RTV_Slovenija_in_Glasbena_mladina\"><\/span>Prpi\u010d, Marko: Arhiv RTV Slovenija in Glasbena mladina<span class=\"ez-toc-section-end\"><\/span><\/h2>\n<h2><span class=\"ez-toc-section\" id=\"Ribizel_Popic_Tjasa_Programska_politika_Glasbene_mladine\"><\/span>Ribizel Popi\u010d, Tja\u0161a: Programska politika Glasbene mladine<span class=\"ez-toc-section-end\"><\/span><\/h2>\n<h2><span class=\"ez-toc-section\" id=\"Rotar_Pance_Branka_Pomen_revije_Glasbena_mladina_za_razvoj_slovenske_glasbene_pedagogike\"><\/span>Rotar Pance, Branka: Pomen revije <em>Glasbena mladina<\/em> za razvoj slovenske glasbene pedagogike<span class=\"ez-toc-section-end\"><\/span><\/h2>\n<p><strong>\u00a0<\/strong>Temeljni cilj prvega leta raziskave je opraviti pregled vseh letnikov revije <em>Glasbena mladina <\/em>in pripraviti kriterije za klasifikacijo objavljenih prispevkov, analizirati uredni\u0161ko politico in jo ovrednotiti v povezavi s tedanjo \u0161olsko politiko, povezano s formalnim izobra\u017eevanjem (splo\u0161no \u0161olstvo, glasbeno \u0161olstvo).<\/p>\n<p><strong>Izhodi\u0161\u010dni viri in literatura:<\/strong><\/p>\n<p><em>Glasbena mladina<\/em> : <em>revija Glasbene mladine Slovenije<\/em> (1970-1996). Digitalna knji\u017enica Slovenije. Let.1 \u2013let.26.\u00a0 dostopno na <a href=\"http:\/\/www.dlib.si\/results\/?query=%27srel%3dGM.+Glasbena+mladina%27&amp;pageSize=25&amp;sortDir=ASC&amp;sort=date\">http:\/\/www.dlib.si\/results\/?query=%27srel%3dGM.+Glasbena+mladina%27&amp;pageSize=25&amp;sortDir=ASC&amp;sort=date<\/a><\/p>\n<p>Golobi\u010d, \u0160pela\u00a0 (2019). Kulturna vzgoja na podro\u010dju glasbene umetnosti v osrednjih slovenskih glasbenih institucijah. Glasbenopedago\u0161ki zbornik Akademije za glasbo v Ljubljani. Let. 15. Str. 145-160.<\/p>\n<p>Rotar Pance, B. (2015). \u00a0Primo\u017e Kuret - urednik Glasbene mladine. V: \u0160kulj, E. (ur.). <em>Evropski muzikolog prof. dr. Primo\u017e Kure : ob 80-letnici<\/em>. Celje: Celjska Mohorjeva dru\u017eba: Dru\u0161tvo Mohorjeva dru\u017eba, str. 22-42.<\/p>\n<p>\u0160ivic, U. (1998). Publicisti\u010dni in kriti\u0161ki slog Pavla \u0160ivica v Glasbeni mladini (1974-1995). <em>Muzikolo\u0161ki zbornik<\/em>. Zv. 34. str. 101-115. <a href=\"http:\/\/www.dlib.si\/stream\/URN:NBN:SI:doc-ZNAPQYOL\/6c380bb1-8223-4c86-8932-0d28e771ee8c\/PDF\">http:\/\/www.dlib.si\/stream\/URN:NBN:SI:doc-ZNAPQYOL\/6c380bb1-8223-4c86-8932-0d28e771ee8c\/PDF<\/a><\/p>\n<p>Zveza glasbene mladine Slovenije. Arhiv revije <em>Glasbena mladina<\/em>.<\/p>\n<p>Na osnovi klasifikacijskih kriterijev bomo v naslednjih dveh letih projekta analizirali prispevke in njihov pomen v razvoju glasbene pedagogike s poudarkom na formalnem izobra\u017eeanju (splo\u0161no in glasbeno \u0161olstvo) in v povezavi\u00a0 z neformalnim\u00a0 glasbenim izobra\u017eevanjem. Menimo, da je revija Glasbena mladina predstavljala pomembno vez med formalnim in neformalnim u\u010denjem glasbe. Prav tako je predstavljala pomembno vez z glasbenimi mladinami biv\u0161e dr\u017eave Jugoslavije in mednarodno <em>Jeunesses Musicales International<\/em>.<\/p>\n<p><strong>\u00a0<\/strong><\/p>\n<h2><span class=\"ez-toc-section\" id=\"Stefanija_Leon_Glasba_mladih_in_glasbena_mladina\"><\/span>Stefanija, Leon: Glasba mladih in glasbena mladina<span class=\"ez-toc-section-end\"><\/span><\/h2>\n<p>V prvem letu pripravljam digitalizazijo arhiva Glasbene mladine v sodelovanju z Narodno in univerzitetno knji\u017enico Ljubljana. Arhiv, ki ga hrani Glasbena mladina Slovenije, se nahaja delno na Trgu prekomorskih brigad 1 v Ljubljani (ob\u010dina \u0160i\u0161ka) in delno v hrambi Dru\u0161tva slovenskih skladateljev. Arhiv obsega okoli 60 fasciklov A4 formata. Urejen je po dejavnostih Glasbene mladine Slovenije. Na podlagi analize arhiva bo pripravljen koncept baze o glasbi mladih v Sloveniji po 1945.<\/p>\n<p>&nbsp;<\/p>\n<h2><span class=\"ez-toc-section\" id=\"Sukljan_Nejc_Mladi_v_slovenskih_godbah_po_letu_1945\"><\/span>Sukljan, Nejc: Mladi v slovenskih godbah po letu 1945<span class=\"ez-toc-section-end\"><\/span><\/h2>\n<p>Godbeni\u0161tvo ima na Slovenskem dolgo in razvejano tradicijo: v desetletjih po 2. svetovni vojni je v Sloveniji in zamejstvu delovalo krepko preko 100 godbenih sestavov. V \u010dasu, ko se je razvejana mre\u017ea javnega glasbenega \u0161olstva \u0161ele dobro za\u010dela vzpostavljati, so mnoge godbe same skrbele tudi za glasbeno izobra\u017eevanje mladih godbenikov, nekatere pa jih v t. i. godbenih \u0161olah izobra\u017eujejo \u0161e danes. Posebno skrb izobra\u017eevanju mladih godbenikov je vse od ustanovitve leta 1972 namenjalo tudi Zdru\u017eenje pihalnih orkestrov Slovenije, ki je leta 1997 preraslo v samostojno Zvezo slovenskih godb. Namen raziskave je ugotoviti obseg in na\u010din glasbenega izobra\u017eevanja mladih godbenikov tako v okviru posameznih godbenih dru\u0161tev (in v tem oziru kot \u0161tudije primerov izpostaviti nekatere izmed godbenih \u0161ol) kot krovnih organizacij slovenskega godbeni\u0161tva. Predvideni terminski na\u010drt obsega v letih 2022 in 2023 temeljne raziskave tematike in zbiranje virov (predvsem pregled \u010dasopisja in dokumentarnih arhivov nekaterih dru\u0161tev, Zveze slovenskih godb in Javnega sklada RS za kulturne dejavnosti), v letu 2024 pa analizo zbranega gradiva in predstavitev rezultatov.<\/p>\n<h2><span class=\"ez-toc-section\" id=\"Sivic_Ursa_Popularna_glasba_mladih_po_drugi_svetovni_vojni\"><\/span>\u0160ivic, Ur\u0161a: Popularna glasba mladih po drugi svetovni vojni<span class=\"ez-toc-section-end\"><\/span><\/h2>\n<p>S pomo\u010djo intervjujev in pregledom arhivskih virov (predvsem \u010dasopisnih objav) bom raziskala povojno dogajanje v nekaterih segmentih popularne glasbe v poljih jazza in popa kot ena izmed glasbenih ustvarjalnosti mladih. Namen raziskave bo vzpostavitev zgodovinopisnega okvira, zato bo poudarek na zbiranju podatkov o glasbenikih, glasbenih dogodkih, izvajani glasbi in prostorih izvajanja. Ker temeljne zgodovine o obravnavanem glasbenem dogajanju nimamo na voljo, bodo posredni ali neposredni spomini sogovornikov dopolnili obstoje\u010de vire (intervjuje, avtorske oddaje, korespondence idr.). Poleg dokumentiranja zgodovinskih podatkov, s katerim bo mogo\u010de dopolniti dosedanje vire in vedenje o popularno-glasbenih praksah povojnega obdobja, bo izpostavljeno tudi zanimanje za izvajano glasbo, rabo in\u0161trumentov ter javne in zasebne dru\u017eabne prostore, kjer so se mladi glasbeno in plesno izra\u017eali.<\/p>\n<p>Literatura:<\/p>\n<p>Barber - Ker\u0161ovan, Alenka. 1989. <em>Tradition and Acculturation as Polarities of Slovenian Popular Music<\/em>. V: Simon Frith (ur.): World Music, Politics and Social Change. Manchester in New York, Manchester University Press, str. 73\u201389.<\/p>\n<p>Tomc, Gregor. 1989. <em>Druga Slovenija: Zgodovina mladinskih gibanj na Slovenskem v 20. stoletju. <\/em>Ljubljana, Univerzitetna konferenca ZSMS, Knji\u017enica revolucionarne teorije.<\/p>\n<p>Fabjan\u010di\u010d, Tja\u0161a. 2005. <em>Prostori jazza v Sloveniji od rojstva do nove generacije<\/em>. Tipkopis. Univerza v Ljubljani, Oddelek za filozofijo. (diplomsko delo)<\/p>\n<p>Kozorog, Miha. 2002. <em>Glasba \u2013 prostor \u2013 identiteta: Primeri iz Tolmina po letu 1945. <\/em>Tipkopis. Ljubljana, Univerza v Ljubljani. (diplomsko delo)<\/p>\n<p>&nbsp;<\/p>\n<h2><span class=\"ez-toc-section\" id=\"Udovic_Bostjan_Oblast_kulturna_politika_in_Glasbena_mladina_Slovenija_1945%E2%80%931991\"><\/span>Udovi\u010d, Bo\u0161tjan: Oblast, kulturna politika in Glasbena mladina Slovenija 1945\u20131991<span class=\"ez-toc-section-end\"><\/span><\/h2>\n<p>Namen analize je prikazati, kako je kulturna politika in politika oblasti vplivala na delovanje glasbenih institucij na Slovenskem. Da bi to lahko pripravili, bomo analizirali razli\u010dne primarne in sekundarne vire s podro\u010dja kulturne politike, glasbene politike ter tudi vplivov oblasti na glasbeno in kulturno politiko \u2013 seveda ostaja sredi\u0161\u010de predvsem GM.<\/p>\n<p>V prvem letu bomo tako pregledali dostopne sekundarne in primerne vire s podro\u010dja kulturne politike in glasbene politike \u2013 ter vplivov oblasti na slednje. V drugem in tretjem letu pa bomo pregledano gradivo z metodami kriti\u010dne analize, primerjalne analize ter zgodovinsko-razvojne analize analizirali, sklapljali (coupling) in sintetizirali, s ciljem pridobitve novih spoznanj, ki bodo ne samo prikazala, kako je na GM vplivala politika oblasti, ampak kako se je glasba kot aktivnosti in dejavnost v celotnem povojnem obdobju pozicionirala do drugih vej kulturne politike in tudi do oblasti same.<\/p>\n<h2><span class=\"ez-toc-section\" id=\"Zadnik_Katarina_Ucna_gradiva_na_podrocju_glasbene_teorije_med_1945_do_1991\"><\/span>Zadnik, Katarina : U\u010dna gradiva na podro\u010dju glasbene teorije med 1945 do 1991<span class=\"ez-toc-section-end\"><\/span><\/h2>\n<p>Temeljni cilj prvega leta raziskave je opraviti pregled u\u010dnih gradiv in u\u010dbenikov na podro\u010dju glasbene teorije, ki so se porajali v splo\u0161nem in glasbenem \u0161olstvu po drugi svetovni vojni vse do osamosvojitve na Slovenskem. V na\u010drtu imamo pregledati naslednja u\u010dna gradiva, ki smo jih na\u0161li v sistemu Cobiss in so dostopna v Narodni in univerzitetni knji\u017enici v Ljubljani:<\/p>\n<ul>\n<li>Bre\u010dko, Josip. <em>Pot v glasbeni svet<\/em>. Ljubljana: Litografija Jugoreklam, 1958.<\/li>\n<li>Dragutinovi\u0107, Milivoje. <em>Muzi\u010dka umetnost: za III razred gimnazije<\/em>. Beograd: Zavod za ud\u017ebenike i nastavna sredstva, 1973, 1975.<\/li>\n<li>Groebming, Adolf, Kramolc, Luka in Tomc, Matija. <em>Pevska vadnica<\/em>. Ljubljana: Dr\u017eavna zalo\u017eba Slovenije, 1953, 1956, 1958.<\/li>\n<li>Groebming, Adolf. <em>Osnovni pojmi iz glasbene teorije<\/em>: za u\u010ditelji\u0161\u010da, glasbene \u0161ole in sorodne zavode. Ljubljana: U\u010diteljska tiskarna, 1924.<\/li>\n<li>Kozina, Marjan. <em>ABC glasbe<\/em>. Ljubljani: Ljudska pravica, 1957.<\/li>\n<li>Kozina, Marjan, Pirnik, Makso. <em>Kratek pregled glasbene teorije : o tehniki petja<\/em>. Izdal Kulturno-prosvetni center IX. korpusa NOV in POJ, 1944.<\/li>\n<li>Mihel\u010di\u010d, Pavel. <em>Teorija glasbe<\/em>. Ljubljana: Dr\u017eavna zalo\u017eba Slovenije, 1991, 1992, 1993, 1995, 1996, 1998, 1999, 2000, 2001, 2002.<\/li>\n<li>Mihel\u010di\u010d, Pavel. <em>Osnove glasbene teorije<\/em>. Ljubljana: Dr\u017eavna zalo\u017eba Slovenije, 2006, 2009, 2010, 2014, 2016, 2017, 2018, 2019, 2020, 2021.<\/li>\n<li>Nedv\u011bd, Anton. <em>Kratek nauk o glasbi<\/em>. Ljubljana: I. pl. Kleinmayr &amp; F. Bamberg, 1893.<\/li>\n<li><em>Pevska vadnica<\/em>. Sestavil uredni\u0161ki odbor Ljubljana: Dr\u017eavna zalo\u017eba Slovenije, 1949.<\/li>\n<li>Prek, Stanko. <em>Teorija glasbe<\/em>. Ljubljana: Dr\u017eavna zalo\u017eba Slovenije, 1961, 1963, 1970, 1975, 1978, 1980, 1982, 1983, 1984, 1985, 1986, 1988, 1989, 1990.<\/li>\n<li>Reich, Truda. <em>Muzi\u010dka \u010ditanka: priru\u010dnik za mlade prijatelje muzike<\/em>. Zagreb: \u0160kolska knjiga, 1956, 1959, 1960, 1962, 1964.<\/li>\n<li>Repov\u0161, Ivan. <em>Nauk o glasbi. Del 1, Glasbena teorija v obrisu za u\u010ditelji\u0161\u010da in srednje \u0161ole<\/em>. Ljubljana: Dr\u017eavna zalo\u017eba Slovenije, 1946.<\/li>\n<li>Repov\u0161, Ivan. <em>Nauk o glasbi. Del 1, Glasbena teorija v obrisu: za I., II. in III. letnik u\u010diteljskih \u0161ol,<\/em> Ljubljana: Pokrajinska \u0161olska zalo\u017eba, 1943.<\/li>\n<li>Taj\u010devi\u0107, Marko. <em>Op\u0161ta nauka o muzici<\/em>. Beograd: Prosveta, 1949, 1952.<\/li>\n<li>Tav\u017eelj, Jo\u017ee. <em>Osnove petja po notah 1<\/em>. Ljubljana: Dr\u017eavna zalo\u017eba Slovenije, 1960.<\/li>\n<li>Vrabec, Ubald. <em>Razlaga k vajam za pouk teorije v pevskem zboru<\/em>. Trst: Slovensko-hrvatska prosvetna zveza, 1948.<\/li>\n<\/ul>\n<p>Z analizo u\u010dnih gradiv bomo ugotavljali vklju\u010denost in sistemati\u010dnost obravnavane glasbenih prvin ter preverjali uporabljeno terminologijo na podro\u010dju glasbenoteoreti\u010dnih pojmov in zakonitosti. Cilj prispevka je ugotoviti rabo glasbenoteoreti\u010dne terminologije v navedenm obdobju in njen razvoj vse do sodobnosti in preu\u010diti odnos avtorjev do razvoja glasbenih posluhov v povezavi z reproduktivnimi elementi v u\u010dbeni\u0161kih gradivih.<\/p>\n<p>V naslednjih dveh letih projekta bomo opravili pregled in analizo u\u010dnih gradiv za harmonijo, kontrapunkt in oblikoslovje.<\/p>\n<\/div>\n<\/div><\/div><\/div><\/div><\/div>","protected":false},"excerpt":{"rendered":"<p>Barbo, Matja\u017e: Glasbena mladina kot tvorec in odraz estetike mladih Prispevek se bo osredoto\u010dal na vpra\u0161anja vpetosti glasbene mladine v oblikovanje glasbenoestetskih kategorij, vzpostavljanje osrednjih norm in oblikovanje okusa mladih. V prvi fazi dela se bo osredoto\u010dil na analizo dostopnih primarnih virov, zlasti programov zveze in posameznih organizacij Glasbene mladine ter revije Glasbene mladine. V &hellip; <\/p>\n<p class=\"link-more\"><a href=\"http:\/\/muzikologijaff.si\/gmgm\/individualna-porocila-o-dinamiki-dela-za-prvo-leto\/\" class=\"more-link\">Preberi ve\u010d<span class=\"screen-reader-text\"> &#8220;Individualni na\u010drti dela za prvo leto&#8221;<\/span><\/a><\/p>\n","protected":false},"author":1,"featured_media":0,"comment_status":"open","ping_status":"open","sticky":false,"template":"","format":"standard","meta":{"_uag_custom_page_level_css":"","_themeisle_gutenberg_block_has_review":false,"footnotes":""},"categories":[3],"tags":[],"class_list":["post-180","post","type-post","status-publish","format-standard","hentry","category-novice"],"uagb_featured_image_src":{"full":false,"thumbnail":false,"medium":false,"medium_large":false,"large":false,"1536x1536":false,"2048x2048":false,"twentyseventeen-featured-image":false,"twentyseventeen-thumbnail-avatar":false,"sow-carousel-default":false},"uagb_author_info":{"display_name":"leon","author_link":"http:\/\/muzikologijaff.si\/gmgm\/author\/leon\/"},"uagb_comment_info":0,"uagb_excerpt":"Barbo, Matja\u017e: Glasbena mladina kot tvorec in odraz estetike mladih Prispevek se bo osredoto\u010dal na vpra\u0161anja vpetosti glasbene mladine v oblikovanje glasbenoestetskih kategorij, vzpostavljanje osrednjih norm in oblikovanje okusa mladih. V prvi fazi dela se bo osredoto\u010dil na analizo dostopnih primarnih virov, zlasti programov zveze in posameznih organizacij Glasbene mladine ter revije Glasbene mladine. V&hellip;","_links":{"self":[{"href":"http:\/\/muzikologijaff.si\/gmgm\/wp-json\/wp\/v2\/posts\/180","targetHints":{"allow":["GET"]}}],"collection":[{"href":"http:\/\/muzikologijaff.si\/gmgm\/wp-json\/wp\/v2\/posts"}],"about":[{"href":"http:\/\/muzikologijaff.si\/gmgm\/wp-json\/wp\/v2\/types\/post"}],"author":[{"embeddable":true,"href":"http:\/\/muzikologijaff.si\/gmgm\/wp-json\/wp\/v2\/users\/1"}],"replies":[{"embeddable":true,"href":"http:\/\/muzikologijaff.si\/gmgm\/wp-json\/wp\/v2\/comments?post=180"}],"version-history":[{"count":0,"href":"http:\/\/muzikologijaff.si\/gmgm\/wp-json\/wp\/v2\/posts\/180\/revisions"}],"wp:attachment":[{"href":"http:\/\/muzikologijaff.si\/gmgm\/wp-json\/wp\/v2\/media?parent=180"}],"wp:term":[{"taxonomy":"category","embeddable":true,"href":"http:\/\/muzikologijaff.si\/gmgm\/wp-json\/wp\/v2\/categories?post=180"},{"taxonomy":"post_tag","embeddable":true,"href":"http:\/\/muzikologijaff.si\/gmgm\/wp-json\/wp\/v2\/tags?post=180"}],"curies":[{"name":"wp","href":"https:\/\/api.w.org\/{rel}","templated":true}]}}